{"id":54,"date":"2009-02-15T16:33:39","date_gmt":"2009-02-15T15:33:39","guid":{"rendered":"http:\/\/www.kiamanokia.it\/?p=54"},"modified":"2009-11-24T03:50:07","modified_gmt":"2009-11-24T02:50:07","slug":"in-arrivo-un-nokia-con-fotocamera-da-8-megapixel-zeiss","status":"publish","type":"post","link":"http:\/\/www.kiamanokia.it\/index.php\/2009\/02\/15\/in-arrivo-un-nokia-con-fotocamera-da-8-megapixel-zeiss\/","title":{"rendered":"In arrivo un Nokia con fotocamera da 8 megapixel Zeiss?"},"content":{"rendered":"<p>Una foto sta facendo sospettare che al <a href=\"http:\/\/www.mobileworldcongress.com\/\" target=\"_blank\" title=\"Sito del GSMA Mobile World Congress\">GSMA Mobile World Congress<\/a> che inizia domani a Barcellona potrebbe essere presentato un cellulare Nokia con fotocamera da 8 megapixel e lenti <a href=\"http:\/\/www.zeiss.it\/\" target=\"_blank\" title=\"Sito della Zeiss\">Zeiss<\/a>. L&#8217;ha pubblicata <a href=\"http:\/\/2009.nseries.com\/\" target=\"_blank\" title=\"Blog Innovation Newsdesk\">Innovation Newsdesk<\/a>, fonte ufficiale sui cellulari della serie N di <a href=\"http:\/\/www.nokia.it\/\" target=\"_blank\" title=\"Sito di Nokia Italia\">Nokia<\/a>.<!--more--><\/p>\n<p>La <a href=\"http:\/\/2009.nseries.com\/images\/custom\/skaterBig.jpg\" target=\"_blank\" title=\"Foto citata\">foto<\/a> ritrae uno skater ed \u00e8 grande 3264\u00d72448 pixel, cio\u00e8 8 megapixel. I dati <a href=\"http:\/\/it.wikipedia.org\/wiki\/Exchangeable_image_file_format\" target=\"_blank\" title=\"Scheda dell'Exif sul sito di Wikipedia\">Exif<\/a>, &#8220;oscurati&#8221; sul blog ufficiale, sono comunque <a href=\"http:\/\/www.flickr.com\/photos\/abulhussain\/3277092106\/meta\/\" target=\"_blank\" title=\"Dati Exif citati\">visibili nell&#8217;upload della foto su flickr<\/a> e riportano <a href=\"http:\/\/www.nokia.it\/N85\/\" target=\"_blank\" title=\"Pagine del Nokia N85 sul sito di Nokia Italia\">N85<\/a>.<\/p>\n<p>Le ipotesi che possiamo avanzare sono due: una versione aggiornata del telefono equipaggiata con una fotocamera potenziata oppure \u00e8 in arrivo l&#8217;N86.<\/p>\n<p>Seguiremo il GSMA Mobile World Congress su KiAmaNokia da domattina e vi promettiamo che saremo molto tempestivi negli aggiornamenti su ci\u00f2 che verr\u00e0 presentato. Vi aspettiamo. \ud83d\ude09<\/p>\n<div align=\"center\"><a href=\"http:\/\/2009.nseries.com\/images\/custom\/skaterBig.jpg\" target=\"_blank\" title=\"Foto da 8 megapixel: in arrivo un Nokia con fotocamera da 8 megapixel Zeiss?\"><img loading=\"lazy\" decoding=\"async\" src=\"http:\/\/www.kiamanokia.it\/wp-content\/themes\/linoluna\/images\/skater8megapixel.jpg\" width=\"300\" height=\"400\" alt=\"Foto da 8 megapixel: in arrivo un Nokia con fotocamera da 8 megapixel Zeiss?\" border=\"0\" \/><\/a><\/div>\n<p>AGGIORNAMENTO: eccone un&#8217;altra&#8230;<\/p>\n<div align=\"center\"><a href=\"http:\/\/2009.nseries.com\/images\/custom\/03012009173.jpg\" target=\"_blank\" title=\"Foto da 8 megapixel: in arrivo un Nokia con fotocamera da 8 megapixel Zeiss?\"><img loading=\"lazy\" decoding=\"async\" src=\"http:\/\/www.kiamanokia.it\/wp-content\/themes\/linoluna\/images\/lighting8megapixel.jpg\" width=\"300\" height=\"400\" alt=\"Foto da 8 megapixel: in arrivo un Nokia con fotocamera da 8 megapixel Zeiss?\" border=\"0\" \/><\/a><\/div>\n","protected":false},"excerpt":{"rendered":"<p>Una foto sta facendo sospettare che al GSMA Mobile World Congress che inizia domani a Barcellona potrebbe essere presentato un cellulare Nokia con fotocamera da 8 megapixel e lenti Zeiss. L&#8217;ha pubblicata Innovation Newsdesk, fonte ufficiale sui cellulari della serie N di Nokia.<\/p>\n","protected":false},"author":1,"featured_media":0,"comment_status":"open","ping_status":"open","sticky":false,"template":"","format":"standard","meta":{"footnotes":""},"categories":[10,1],"tags":[131,3,125,91,134,135,138,137,140,136,139,86,132,894,87,133,8],"class_list":["post-54","post","type-post","status-publish","format-standard","hentry","category-focus","category-nokia","tag-carl-zeiss","tag-cellulari","tag-gsma-mobile-world-congress","tag-innovation-newsdesk","tag-mobile-world-congress","tag-mobile-world-congress-2009","tag-mwc","tag-mwc-09","tag-mwc-2009","tag-mwc09","tag-mwc2009","tag-n85","tag-n86","tag-nokia","tag-nokia-n85","tag-nokia-n86","tag-telefonini"],"_links":{"self":[{"href":"http:\/\/www.kiamanokia.it\/index.php\/wp-json\/wp\/v2\/posts\/54","targetHints":{"allow":["GET"]}}],"collection":[{"href":"http:\/\/www.kiamanokia.it\/index.php\/wp-json\/wp\/v2\/posts"}],"about":[{"href":"http:\/\/www.kiamanokia.it\/index.php\/wp-json\/wp\/v2\/types\/post"}],"author":[{"embeddable":true,"href":"http:\/\/www.kiamanokia.it\/index.php\/wp-json\/wp\/v2\/users\/1"}],"replies":[{"embeddable":true,"href":"http:\/\/www.kiamanokia.it\/index.php\/wp-json\/wp\/v2\/comments?post=54"}],"version-history":[{"count":0,"href":"http:\/\/www.kiamanokia.it\/index.php\/wp-json\/wp\/v2\/posts\/54\/revisions"}],"wp:attachment":[{"href":"http:\/\/www.kiamanokia.it\/index.php\/wp-json\/wp\/v2\/media?parent=54"}],"wp:term":[{"taxonomy":"category","embeddable":true,"href":"http:\/\/www.kiamanokia.it\/index.php\/wp-json\/wp\/v2\/categories?post=54"},{"taxonomy":"post_tag","embeddable":true,"href":"http:\/\/www.kiamanokia.it\/index.php\/wp-json\/wp\/v2\/tags?post=54"}],"curies":[{"name":"wp","href":"https:\/\/api.w.org\/{rel}","templated":true}]}}